{"id":2669,"date":"2026-08-30T16:02:00","date_gmt":"2026-08-30T14:02:00","guid":{"rendered":"https:\/\/julesferry-cannes.fr\/?p=2669"},"modified":"2026-08-30T16:07:04","modified_gmt":"2026-08-30T14:07:04","slug":"compte-atrium-acces-pronote-moodle-pearltreeslivre-numeriques","status":"publish","type":"post","link":"https:\/\/julesferry-cannes.fr\/?p=2669","title":{"rendered":"Compte Atrium, acc\u00e8s Pronote, Moodle, Pearltrees,livre num\u00e9riques"},"content":{"rendered":"\n<h2 class=\"wp-block-heading\">ATRIUM : ENT des lyc\u00e9e<\/h2>\n\n\n\n<p>L&rsquo;adresse pour acc\u00e9der \u00e0 Atrium : <a href=\"https:\/\/www.atrium-sud.fr\">https:\/\/www.atrium-sud.fr<\/a><\/p>\n\n\n\n<p>Les \u00e9l\u00e8ves et les parents d&rsquo;\u00e9l\u00e8ves utilisent maintenant les identifiants <strong>\u00e9duconnect<\/strong> pour se connecter \u00e0 l&rsquo;ENT des Lyc\u00e9e : Atrium<\/p>\n\n\n\n<figure class=\"wp-block-image size-full\"><img loading=\"lazy\" decoding=\"async\" width=\"523\" height=\"128\" src=\"https:\/\/julesferry-cannes.fr\/wp-content\/uploads\/2025\/09\/educonnect.png\" alt=\"\" class=\"wp-image-2771\" srcset=\"https:\/\/julesferry-cannes.fr\/wp-content\/uploads\/2025\/09\/educonnect.png 523w, https:\/\/julesferry-cannes.fr\/wp-content\/uploads\/2025\/09\/educonnect-300x73.png 300w, https:\/\/julesferry-cannes.fr\/wp-content\/uploads\/2025\/09\/educonnect-360x88.png 360w\" sizes=\"(max-width: 523px) 100vw, 523px\" \/><\/figure>\n\n\n\n<p>Vous n&rsquo;arrivez pas \u00e0 vous connecter \u00e0 Atrium, voici les solutions possibles :<\/p>\n\n\n\n<ul>\n<li><strong>Vous avez un compte mais vous avez perdu le mot de passe.<\/strong><br><em>Vous devez cliquer sur <strong>mot de passe oubli\u00e9<\/strong>.<\/em> Vous recevrez un mail d&rsquo;initialisation sur votre adresse mail de contact. <\/li>\n\n\n\n<li>voici le site d&rsquo;aide pour les probl\u00e8me de connexion avec \u00e9duconnect : <br><a href=\"https:\/\/educonnect.education.gouv.fr\/educt-aide\/aide\/\">https:\/\/educonnect.education.gouv.fr\/educt-aide\/aide\/<\/a><br><br><\/li>\n<\/ul>\n\n\n\n<h2 class=\"wp-block-heading\">Acc\u00e8s aux outils num\u00e9riques<\/h2>\n\n\n\n<h3 class=\"wp-block-heading\">Pronote &#8211; Moodle &#8211; Pearltrees &#8211; Corr\u00e9lyce (livres num\u00e9riques) &#8211; Capytale<\/h3>\n\n\n\n<p>Seuls les \u00e9l\u00e8ves et les professeurs ont acc\u00e8s \u00e0 Moodle, Pearltrees, Corr\u00e9lyce et les autres outils num\u00e9riques pr\u00e9sent sur Atrium. <strong>Les parents ont uniquement acc\u00e8s \u00e0 Pronote.<\/strong><\/p>\n\n\n\n<p>Tous les outils utilis\u00e9s au lyc\u00e9e Jules Ferry sont disponible dans les Apps. <strong>Vous n&rsquo;avez pas \u00e0 saisir de nouveaux identifiants<\/strong>, c&rsquo;est Atrium qui g\u00e8re l\u2019authentification aux diff\u00e9rents outils.<\/p>\n\n\n\n<figure class=\"wp-block-image size-full\"><img loading=\"lazy\" decoding=\"async\" width=\"313\" height=\"522\" src=\"https:\/\/julesferry-cannes.fr\/wp-content\/uploads\/2025\/09\/app-atrium-V3-1.png\" alt=\"\" class=\"wp-image-2775\" srcset=\"https:\/\/julesferry-cannes.fr\/wp-content\/uploads\/2025\/09\/app-atrium-V3-1.png 313w, https:\/\/julesferry-cannes.fr\/wp-content\/uploads\/2025\/09\/app-atrium-V3-1-180x300.png 180w, https:\/\/julesferry-cannes.fr\/wp-content\/uploads\/2025\/09\/app-atrium-V3-1-162x270.png 162w\" sizes=\"(max-width: 313px) 100vw, 313px\" \/><figcaption class=\"wp-element-caption\"><strong>Cliquez sur Apps<\/strong><\/figcaption><\/figure>\n\n\n\n<figure class=\"wp-block-image size-full\"><img loading=\"lazy\" decoding=\"async\" width=\"923\" height=\"263\" src=\"https:\/\/julesferry-cannes.fr\/wp-content\/uploads\/2025\/09\/app-atrium-V3-2.png\" alt=\"\" class=\"wp-image-2774\" srcset=\"https:\/\/julesferry-cannes.fr\/wp-content\/uploads\/2025\/09\/app-atrium-V3-2.png 923w, https:\/\/julesferry-cannes.fr\/wp-content\/uploads\/2025\/09\/app-atrium-V3-2-300x85.png 300w, https:\/\/julesferry-cannes.fr\/wp-content\/uploads\/2025\/09\/app-atrium-V3-2-768x219.png 768w, https:\/\/julesferry-cannes.fr\/wp-content\/uploads\/2025\/09\/app-atrium-V3-2-360x103.png 360w\" sizes=\"(max-width: 923px) 100vw, 923px\" \/><figcaption class=\"wp-element-caption\"><strong>Cliquer sur l&rsquo;\u00e9toile pour mettre les Apps en favoris<\/strong><\/figcaption><\/figure>\n\n\n\n<figure class=\"wp-block-image size-full\"><img loading=\"lazy\" decoding=\"async\" width=\"925\" height=\"421\" src=\"https:\/\/julesferry-cannes.fr\/wp-content\/uploads\/2025\/09\/app-atrium-V3-3.png\" alt=\"\" class=\"wp-image-2772\" srcset=\"https:\/\/julesferry-cannes.fr\/wp-content\/uploads\/2025\/09\/app-atrium-V3-3.png 925w, https:\/\/julesferry-cannes.fr\/wp-content\/uploads\/2025\/09\/app-atrium-V3-3-300x137.png 300w, https:\/\/julesferry-cannes.fr\/wp-content\/uploads\/2025\/09\/app-atrium-V3-3-768x350.png 768w, https:\/\/julesferry-cannes.fr\/wp-content\/uploads\/2025\/09\/app-atrium-V3-3-360x164.png 360w\" sizes=\"(max-width: 925px) 100vw, 925px\" \/><figcaption class=\"wp-element-caption\"><strong>Vos Apps sont directement sur la page d&rsquo;accueil<\/strong><\/figcaption><\/figure>\n\n\n\n<p>Vous pouvez, une fois la premi\u00e8re connexion \u00e0 Atrium effectu\u00e9 installer l&rsquo;application Pronote pour mobile.<br><a href=\"https:\/\/julesferry-cannes.fr\/wp-content\/uploads\/2025\/09\/config-pronote-parents-25-26.pdf\">Vous le lien vers le tutoriel d&rsquo;installation, en cliquant ici.<\/a><\/p>\n\n\n\n<figure class=\"wp-block-image size-medium\"><a href=\"https:\/\/julesferry-cannes.fr\/wp-content\/uploads\/2025\/09\/config-pronote-parents-25-26-v2.pdf\"><img loading=\"lazy\" decoding=\"async\" width=\"300\" height=\"181\" src=\"https:\/\/julesferry-cannes.fr\/wp-content\/uploads\/2025\/09\/PRONOTE-300x181.png\" alt=\"\" class=\"wp-image-2673\" srcset=\"https:\/\/julesferry-cannes.fr\/wp-content\/uploads\/2025\/09\/PRONOTE-300x181.png 300w, https:\/\/julesferry-cannes.fr\/wp-content\/uploads\/2025\/09\/PRONOTE-768x464.png 768w, https:\/\/julesferry-cannes.fr\/wp-content\/uploads\/2025\/09\/PRONOTE-360x217.png 360w, https:\/\/julesferry-cannes.fr\/wp-content\/uploads\/2025\/09\/PRONOTE.png 1000w\" sizes=\"(max-width: 300px) 100vw, 300px\" \/><\/a><\/figure>\n","protected":false},"excerpt":{"rendered":"<p>ATRIUM : ENT des lyc\u00e9e L&rsquo;adresse pour acc\u00e9der \u00e0 Atrium : https:\/\/www.atrium-sud.fr Les \u00e9l\u00e8ves et les parents d&rsquo;\u00e9l\u00e8ves utilisent maintenant les identifiants \u00e9duconnect pour se connecter \u00e0 l&rsquo;ENT des Lyc\u00e9e : Atrium Vous n&rsquo;arrivez pas \u00e0 vous connecter \u00e0 Atrium,&hellip;&nbsp;<a href=\"https:\/\/julesferry-cannes.fr\/?p=2669\" class=\"more-link\">Read More<\/a><\/p>\n","protected":false},"author":2,"featured_media":2156,"comment_status":"closed","ping_status":"closed","sticky":false,"template":"","format":"standard","meta":{"footnotes":""},"categories":[4],"tags":[],"_links":{"self":[{"href":"https:\/\/julesferry-cannes.fr\/index.php?rest_route=\/wp\/v2\/posts\/2669"}],"collection":[{"href":"https:\/\/julesferry-cannes.fr\/index.php?rest_route=\/wp\/v2\/posts"}],"about":[{"href":"https:\/\/julesferry-cannes.fr\/index.php?rest_route=\/wp\/v2\/types\/post"}],"author":[{"embeddable":true,"href":"https:\/\/julesferry-cannes.fr\/index.php?rest_route=\/wp\/v2\/users\/2"}],"replies":[{"embeddable":true,"href":"https:\/\/julesferry-cannes.fr\/index.php?rest_route=%2Fwp%2Fv2%2Fcomments&post=2669"}],"version-history":[{"count":13,"href":"https:\/\/julesferry-cannes.fr\/index.php?rest_route=\/wp\/v2\/posts\/2669\/revisions"}],"predecessor-version":[{"id":2783,"href":"https:\/\/julesferry-cannes.fr\/index.php?rest_route=\/wp\/v2\/posts\/2669\/revisions\/2783"}],"wp:featuredmedia":[{"embeddable":true,"href":"https:\/\/julesferry-cannes.fr\/index.php?rest_route=\/wp\/v2\/media\/2156"}],"wp:attachment":[{"href":"https:\/\/julesferry-cannes.fr\/index.php?rest_route=%2Fwp%2Fv2%2Fmedia&parent=2669"}],"wp:term":[{"taxonomy":"category","embeddable":true,"href":"https:\/\/julesferry-cannes.fr\/index.php?rest_route=%2Fwp%2Fv2%2Fcategories&post=2669"},{"taxonomy":"post_tag","embeddable":true,"href":"https:\/\/julesferry-cannes.fr\/index.php?rest_route=%2Fwp%2Fv2%2Ftags&post=2669"}],"curies":[{"name":"wp","href":"https:\/\/api.w.org\/{rel}","templated":true}]}}