{"id":2526,"date":"2024-07-26T15:17:07","date_gmt":"2024-07-26T13:17:07","guid":{"rendered":"https:\/\/julesferry-cannes.fr\/?p=2526"},"modified":"2024-07-26T15:50:00","modified_gmt":"2024-07-26T13:50:00","slug":"fermeture-du-lycee-date-de-la-rentree","status":"publish","type":"post","link":"https:\/\/julesferry-cannes.fr\/?p=2526","title":{"rendered":"Fermeture du Lyc\u00e9e &#8211; Date de la rentr\u00e9e scolaire"},"content":{"rendered":"\n<h3 class=\"wp-block-heading\">Date de fermeture du lyc\u00e9e :<\/h3>\n\n\n\n<p>L&rsquo;\u00e9tablissement sera ferm\u00e9 du 13 juillet au 25 ao\u00fbt 2024.<\/p>\n\n\n\n<p>R\u00e9ouverture au public le <strong>lundi 26 ao\u00fbt<\/strong> 2024.<\/p>\n\n\n\n<p>\u00a0<\/p>\n\n\n\n<h3 class=\"wp-block-heading\">Date de rentr\u00e9e des \u00e9l\u00e8ves :<\/h3>\n\n\n\n<p><strong>Seconde : lundi 2 septembre 2024 de 9h00 \u00e0 12h00.<br>Premi\u00e8re : mardi 3 septembre 2024 de 10h00 \u00e0 12h00.<br>Terminale : mardi 3 septembre 2024 de 14h00 \u00e0 16h00.<\/strong><br>D\u00e9but des cours \u00e0 partir du mercredi 4 septembre 2024 selon l\u2019horaire pr\u00e9vu \u00e0 l\u2019emploi du temps de chaque classe.<\/p>\n\n\n\n<p><strong>BTS : lundi 2 septembre 2024 \u2013 accueil de 9h00 \u00e0 11h00<\/strong>.<br>D\u00e9but des cours d\u00e8s l\u2019apr\u00e8s-midi selon l\u2019emploi du temps de la classe.<br><strong>CPGE : lundi 2 septembre 2024 \u00e0 8h00.<\/strong><br>D\u00e9but des cours d\u00e8s 8h00.<\/p>\n\n\n\n<p class=\"has-text-align-center\">L\u2019internat accueillera les \u00e9tudiants de BTS et CPGE d\u00e8s le lundi 2 septembre 2024 et les \u00e9l\u00e8ves du secondaire \u00e0 compter du mercredi 4 septembre 2024 (les internes de terminale pourront \u00eatre accueillis le mardi 3 septembre 2024 au soir en se signalant aupr\u00e8s du service vie scolaire vie-scolaire1.0060014H@ac-nice.fr ).<\/p>\n","protected":false},"excerpt":{"rendered":"<p>Date de fermeture du lyc\u00e9e : L&rsquo;\u00e9tablissement sera ferm\u00e9 du 13 juillet au 25 ao\u00fbt 2024. R\u00e9ouverture au public le lundi 26 ao\u00fbt 2024. \u00a0 Date de rentr\u00e9e des \u00e9l\u00e8ves : Seconde : lundi 2 septembre 2024 de 9h00 \u00e0&hellip;&nbsp;<a href=\"https:\/\/julesferry-cannes.fr\/?p=2526\" class=\"more-link\">Read More<\/a><\/p>\n","protected":false},"author":2,"featured_media":2529,"comment_status":"closed","ping_status":"closed","sticky":false,"template":"","format":"standard","meta":{"footnotes":""},"categories":[4,1],"tags":[],"_links":{"self":[{"href":"https:\/\/julesferry-cannes.fr\/index.php?rest_route=\/wp\/v2\/posts\/2526"}],"collection":[{"href":"https:\/\/julesferry-cannes.fr\/index.php?rest_route=\/wp\/v2\/posts"}],"about":[{"href":"https:\/\/julesferry-cannes.fr\/index.php?rest_route=\/wp\/v2\/types\/post"}],"author":[{"embeddable":true,"href":"https:\/\/julesferry-cannes.fr\/index.php?rest_route=\/wp\/v2\/users\/2"}],"replies":[{"embeddable":true,"href":"https:\/\/julesferry-cannes.fr\/index.php?rest_route=%2Fwp%2Fv2%2Fcomments&post=2526"}],"version-history":[{"count":5,"href":"https:\/\/julesferry-cannes.fr\/index.php?rest_route=\/wp\/v2\/posts\/2526\/revisions"}],"predecessor-version":[{"id":2535,"href":"https:\/\/julesferry-cannes.fr\/index.php?rest_route=\/wp\/v2\/posts\/2526\/revisions\/2535"}],"wp:featuredmedia":[{"embeddable":true,"href":"https:\/\/julesferry-cannes.fr\/index.php?rest_route=\/wp\/v2\/media\/2529"}],"wp:attachment":[{"href":"https:\/\/julesferry-cannes.fr\/index.php?rest_route=%2Fwp%2Fv2%2Fmedia&parent=2526"}],"wp:term":[{"taxonomy":"category","embeddable":true,"href":"https:\/\/julesferry-cannes.fr\/index.php?rest_route=%2Fwp%2Fv2%2Fcategories&post=2526"},{"taxonomy":"post_tag","embeddable":true,"href":"https:\/\/julesferry-cannes.fr\/index.php?rest_route=%2Fwp%2Fv2%2Ftags&post=2526"}],"curies":[{"name":"wp","href":"https:\/\/api.w.org\/{rel}","templated":true}]}}