{"id":1842,"date":"2022-05-09T15:48:00","date_gmt":"2022-05-09T13:48:00","guid":{"rendered":"https:\/\/julesferry-cannes.fr\/?p=1842"},"modified":"2022-06-15T16:55:11","modified_gmt":"2022-06-15T14:55:11","slug":"challenge-energie-mixte","status":"publish","type":"post","link":"https:\/\/julesferry-cannes.fr\/?p=1842","title":{"rendered":"Challenge Energie Mixte"},"content":{"rendered":"\n<figure class=\"wp-block-image size-large\"><img loading=\"lazy\" decoding=\"async\" width=\"480\" height=\"270\" src=\"https:\/\/julesferry-cannes.fr\/wp-content\/uploads\/2022\/05\/image-1.png\" alt=\"\" class=\"wp-image-1844\" srcset=\"https:\/\/julesferry-cannes.fr\/wp-content\/uploads\/2022\/05\/image-1.png 480w, https:\/\/julesferry-cannes.fr\/wp-content\/uploads\/2022\/05\/image-1-300x169.png 300w, https:\/\/julesferry-cannes.fr\/wp-content\/uploads\/2022\/05\/image-1-360x203.png 360w\" sizes=\"(max-width: 480px) 100vw, 480px\" \/><\/figure>\n\n\n\n<p class=\"has-text-align-center\"><strong>Les \u00e9l\u00e8ves de seconde 1 encadr\u00e9es par monsieur Gardereau ont r\u00e9alis\u00e9 une pr\u00e9sentation et une vid\u00e9o dans le cadre de ce concours.<\/strong><\/p>\n\n\n\n<p>Supervision : Thibault Gardereau <\/p>\n\n\n\n<p>Conception : Sophie Baranova, Enola Boina, Dina Didi, Kiana Dos Santos, Laura Esquerre, Lilia Guerrab, Orinta Macuilskyte, Cl\u00e9a Maneix, Elsa Maronese-Bellebouche, Sophie Navarro, F\u00e9riel Sahli, Cam\u00e9lia Rouquet.<\/p>\n\n\n\n<p>Com\u00e9diennes: Lilia Guerrab, F\u00e9riel Sahli.<\/p>\n\n\n\n<p>Affiche et illustrations : Dina Didi, Elsa Maronese-Bellebouche, F\u00e9riel Sahli,<\/p>\n\n\n\n<p>Conception du diaporama: Sophie Baranova, Cl\u00e9a Maneix<\/p>\n\n\n\n<figure class=\"wp-block-image size-large\"><img loading=\"lazy\" decoding=\"async\" width=\"1024\" height=\"574\" src=\"https:\/\/julesferry-cannes.fr\/wp-content\/uploads\/2022\/05\/image-2-1024x574.png\" alt=\"\" class=\"wp-image-1847\" srcset=\"https:\/\/julesferry-cannes.fr\/wp-content\/uploads\/2022\/05\/image-2-1024x574.png 1024w, https:\/\/julesferry-cannes.fr\/wp-content\/uploads\/2022\/05\/image-2-300x168.png 300w, https:\/\/julesferry-cannes.fr\/wp-content\/uploads\/2022\/05\/image-2-768x431.png 768w, https:\/\/julesferry-cannes.fr\/wp-content\/uploads\/2022\/05\/image-2-360x202.png 360w, https:\/\/julesferry-cannes.fr\/wp-content\/uploads\/2022\/05\/image-2.png 1459w\" sizes=\"(max-width: 1024px) 100vw, 1024px\" \/><\/figure>\n","protected":false},"excerpt":{"rendered":"<p>Les \u00e9l\u00e8ves de seconde 1 encadr\u00e9es par monsieur Gardereau ont r\u00e9alis\u00e9 une pr\u00e9sentation et une vid\u00e9o dans le cadre de ce concours. Supervision : Thibault Gardereau Conception : Sophie Baranova, Enola Boina, Dina Didi, Kiana Dos Santos, Laura Esquerre, Lilia&hellip;&nbsp;<a href=\"https:\/\/julesferry-cannes.fr\/?p=1842\" class=\"more-link\">Read More<\/a><\/p>\n","protected":false},"author":3,"featured_media":1843,"comment_status":"closed","ping_status":"closed","sticky":false,"template":"","format":"standard","meta":{"footnotes":""},"categories":[13],"tags":[],"_links":{"self":[{"href":"https:\/\/julesferry-cannes.fr\/index.php?rest_route=\/wp\/v2\/posts\/1842"}],"collection":[{"href":"https:\/\/julesferry-cannes.fr\/index.php?rest_route=\/wp\/v2\/posts"}],"about":[{"href":"https:\/\/julesferry-cannes.fr\/index.php?rest_route=\/wp\/v2\/types\/post"}],"author":[{"embeddable":true,"href":"https:\/\/julesferry-cannes.fr\/index.php?rest_route=\/wp\/v2\/users\/3"}],"replies":[{"embeddable":true,"href":"https:\/\/julesferry-cannes.fr\/index.php?rest_route=%2Fwp%2Fv2%2Fcomments&post=1842"}],"version-history":[{"count":5,"href":"https:\/\/julesferry-cannes.fr\/index.php?rest_route=\/wp\/v2\/posts\/1842\/revisions"}],"predecessor-version":[{"id":1889,"href":"https:\/\/julesferry-cannes.fr\/index.php?rest_route=\/wp\/v2\/posts\/1842\/revisions\/1889"}],"wp:featuredmedia":[{"embeddable":true,"href":"https:\/\/julesferry-cannes.fr\/index.php?rest_route=\/wp\/v2\/media\/1843"}],"wp:attachment":[{"href":"https:\/\/julesferry-cannes.fr\/index.php?rest_route=%2Fwp%2Fv2%2Fmedia&parent=1842"}],"wp:term":[{"taxonomy":"category","embeddable":true,"href":"https:\/\/julesferry-cannes.fr\/index.php?rest_route=%2Fwp%2Fv2%2Fcategories&post=1842"},{"taxonomy":"post_tag","embeddable":true,"href":"https:\/\/julesferry-cannes.fr\/index.php?rest_route=%2Fwp%2Fv2%2Ftags&post=1842"}],"curies":[{"name":"wp","href":"https:\/\/api.w.org\/{rel}","templated":true}]}}